{"id":8580,"date":"2026-08-14T18:10:00","date_gmt":"2026-08-14T16:10:00","guid":{"rendered":"https:\/\/www.altamareabeachvillage.it\/?p=8580"},"modified":"2026-08-31T12:13:37","modified_gmt":"2026-08-31T10:13:37","slug":"altamarea-beach-village-un-ferragosto-aux-mille-et-une-nuits","status":"publish","type":"post","link":"https:\/\/www.altamareabeachvillage.it\/fr\/altamarea-beach-village-un-ferragosto-aux-mille-et-une-nuits\/","title":{"rendered":"Altamarea Beach Village : un Ferragosto aux Mille et Une Nuits"},"content":{"rendered":"\n<p><strong>Ferragosto.<\/strong><\/p>\n\n\n\n<p>C&rsquo;est un mot qui, en italien, n&rsquo;a pas besoin d&rsquo;explication. Tu le prononces et l&rsquo;ambiance est imm\u00e9diatement lanc\u00e9e. <\/p>\n\n\n\n<p>Aujourd&rsquo;hui, \u00e0 l&rsquo;Altamarea Beach Village, ce mot se vit pleinement.<\/p>\n\n\n\n<p class=\"has-text-align-center\"><em><strong>C&rsquo;est la semaine de Ferragosto.<\/strong><\/em><\/p>\n\n\n<div class=\"wp-block-image\">\n<figure class=\"aligncenter size-large is-resized\"><img loading=\"lazy\" decoding=\"async\" width=\"792\" height=\"1024\" src=\"https:\/\/www.altamareabeachvillage.it\/wp-content\/uploads\/2026\/08\/IMG_3717-1-1-792x1024.jpeg\" alt=\"\" class=\"wp-image-8581\" style=\"aspect-ratio:0.7734579865465739;width:460px;height:auto\" srcset=\"https:\/\/www.altamareabeachvillage.it\/wp-content\/uploads\/2026\/08\/IMG_3717-1-1-792x1024.jpeg 792w, https:\/\/www.altamareabeachvillage.it\/wp-content\/uploads\/2026\/08\/IMG_3717-1-1-232x300.jpeg 232w, https:\/\/www.altamareabeachvillage.it\/wp-content\/uploads\/2026\/08\/IMG_3717-1-1-768x992.jpeg 768w, https:\/\/www.altamareabeachvillage.it\/wp-content\/uploads\/2026\/08\/IMG_3717-1-1.jpeg 1170w\" sizes=\"auto, (max-width: 792px) 100vw, 792px\" \/><\/figure>\n<\/div>\n\n\n<p>\u00c7a se voit dans le bleu de chaque parasol ouvert, dans les transats occup\u00e9s jusqu&rsquo;au dernier coin, dans les couleurs des maillots de bain, des serviettes, des sacs, des bou\u00e9es.<\/p>\n\n\n\n<p>\u00c7a se voit dans les enfants qui courent d&rsquo;un bout \u00e0 l&rsquo;autre de la plage. \u00c7a se voit dans les familles qui s&rsquo;installent, s&rsquo;appellent, se retrouvent. Elles vont \u00e0 la piscine, danser, jouer.<\/p>\n\n\n\n<p>\u00c0 Ferragosto, l&rsquo;Altamarea Beach Village est une v\u00e9ritable ruche.<\/p>\n\n\n\n<p>Dans l&rsquo;air, quelque chose est diff\u00e9rent. Ce n&rsquo;est pas seulement la chaleur, ce n&rsquo;est pas seulement la musique qui arrive de la petite place de l&rsquo;animation. C&rsquo;est cette sensation collective, difficile \u00e0 d\u00e9crire mais facile \u00e0 ressentir, qu&rsquo;aujourd&rsquo;hui est un jour sp\u00e9cial.<\/p>\n\n\n<div class=\"wp-block-image\">\n<figure class=\"aligncenter size-large is-resized\"><img loading=\"lazy\" decoding=\"async\" width=\"768\" height=\"1024\" src=\"https:\/\/www.altamareabeachvillage.it\/wp-content\/uploads\/2026\/08\/IMG_3671-scaled-1-768x1024.jpeg\" alt=\"\" class=\"wp-image-8585\" style=\"width:438px;height:auto\" srcset=\"https:\/\/www.altamareabeachvillage.it\/wp-content\/uploads\/2026\/08\/IMG_3671-scaled-1-768x1024.jpeg 768w, https:\/\/www.altamareabeachvillage.it\/wp-content\/uploads\/2026\/08\/IMG_3671-scaled-1-225x300.jpeg 225w, https:\/\/www.altamareabeachvillage.it\/wp-content\/uploads\/2026\/08\/IMG_3671-scaled-1-1152x1536.jpeg 1152w, https:\/\/www.altamareabeachvillage.it\/wp-content\/uploads\/2026\/08\/IMG_3671-scaled-1-1536x2048.jpeg 1536w, https:\/\/www.altamareabeachvillage.it\/wp-content\/uploads\/2026\/08\/IMG_3671-scaled-1.jpeg 1920w\" sizes=\"auto, (max-width: 768px) 100vw, 768px\" \/><\/figure>\n<\/div>\n\n\n<p>La plage semble plus grande, peut \u00eatre parce qu&rsquo;il y a plus de monde. M\u00eame la mer semble plus grande, peut \u00eatre parce qu&rsquo;il y a plus de regards pos\u00e9s sur elle.<\/p>\n\n\n\n<p>Dans l&rsquo;apr\u00e8s midi, la grande ciambellata est arriv\u00e9e sur la petite place de l&rsquo;animation ! Un grand moment collectif avec petits, grands et staff tous r\u00e9unis sous le m\u00eame soleil, \u00e0 manger et \u00e0 boire. Une f\u00eate comme l&rsquo;Altamarea Beach Village sait si bien les faire !<\/p>\n\n\n\n<p>Demain, les Olympiades, le spectacle et la grande f\u00eate de Ferragosto. La semaine \u00ab Mille et une nuits \u00bb est \u00e0 son apog\u00e9e.<\/p>\n\n\n\n<p>Mais aujourd&rsquo;hui, m\u00eame si nous ne sommes encore que vendredi, tout est d\u00e9j\u00e0 l\u00e0 : une plage vivante qui fait la f\u00eate.<\/p>\n\n\n\n<p>Certains jours ne se programment pas, on en a d\u00e9j\u00e0 parl\u00e9 !<\/p>\n\n\n<div class=\"wp-block-image\">\n<figure class=\"aligncenter size-large is-resized\"><img loading=\"lazy\" decoding=\"async\" width=\"1024\" height=\"768\" src=\"https:\/\/www.altamareabeachvillage.it\/wp-content\/uploads\/2026\/08\/IMG_3721-1536x1152-1-1024x768.jpg\" alt=\"\" class=\"wp-image-8589\" style=\"width:576px;height:auto\" srcset=\"https:\/\/www.altamareabeachvillage.it\/wp-content\/uploads\/2026\/08\/IMG_3721-1536x1152-1-1024x768.jpg 1024w, https:\/\/www.altamareabeachvillage.it\/wp-content\/uploads\/2026\/08\/IMG_3721-1536x1152-1-300x225.jpg 300w, https:\/\/www.altamareabeachvillage.it\/wp-content\/uploads\/2026\/08\/IMG_3721-1536x1152-1-768x576.jpg 768w, https:\/\/www.altamareabeachvillage.it\/wp-content\/uploads\/2026\/08\/IMG_3721-1536x1152-1.jpg 1536w\" sizes=\"auto, (max-width: 1024px) 100vw, 1024px\" \/><\/figure>\n<\/div>","protected":false},"excerpt":{"rendered":"<p>Ferragosto. C&rsquo;est un mot qui, en italien, n&rsquo;a pas besoin d&rsquo;explication. Tu le prononces et l&rsquo;ambiance est imm\u00e9diatement lanc\u00e9e. Aujourd&rsquo;hui, \u00e0 l&rsquo;Altamarea Beach Village, ce mot se vit pleinement. C&rsquo;est la semaine de Ferragosto. \u00c7a se voit dans le bleu de chaque parasol ouvert, dans les transats occup\u00e9s jusqu&rsquo;au dernier coin, dans les couleurs des [&hellip;]<\/p>\n","protected":false},"author":5,"featured_media":8589,"comment_status":"open","ping_status":"open","sticky":false,"template":"","format":"standard","meta":{"powered_cache_disable_cache":false,"footnotes":""},"categories":[54],"tags":[],"class_list":["post-8580","post","type-post","status-publish","format-standard","has-post-thumbnail","hentry","category-le-journal-de-odephine"],"_links":{"self":[{"href":"https:\/\/www.altamareabeachvillage.it\/fr\/wp-json\/wp\/v2\/posts\/8580","targetHints":{"allow":["GET"]}}],"collection":[{"href":"https:\/\/www.altamareabeachvillage.it\/fr\/wp-json\/wp\/v2\/posts"}],"about":[{"href":"https:\/\/www.altamareabeachvillage.it\/fr\/wp-json\/wp\/v2\/types\/post"}],"author":[{"embeddable":true,"href":"https:\/\/www.altamareabeachvillage.it\/fr\/wp-json\/wp\/v2\/users\/5"}],"replies":[{"embeddable":true,"href":"https:\/\/www.altamareabeachvillage.it\/fr\/wp-json\/wp\/v2\/comments?post=8580"}],"version-history":[{"count":2,"href":"https:\/\/www.altamareabeachvillage.it\/fr\/wp-json\/wp\/v2\/posts\/8580\/revisions"}],"predecessor-version":[{"id":8594,"href":"https:\/\/www.altamareabeachvillage.it\/fr\/wp-json\/wp\/v2\/posts\/8580\/revisions\/8594"}],"wp:featuredmedia":[{"embeddable":true,"href":"https:\/\/www.altamareabeachvillage.it\/fr\/wp-json\/wp\/v2\/media\/8589"}],"wp:attachment":[{"href":"https:\/\/www.altamareabeachvillage.it\/fr\/wp-json\/wp\/v2\/media?parent=8580"}],"wp:term":[{"taxonomy":"category","embeddable":true,"href":"https:\/\/www.altamareabeachvillage.it\/fr\/wp-json\/wp\/v2\/categories?post=8580"},{"taxonomy":"post_tag","embeddable":true,"href":"https:\/\/www.altamareabeachvillage.it\/fr\/wp-json\/wp\/v2\/tags?post=8580"}],"curies":[{"name":"wp","href":"https:\/\/api.w.org\/{rel}","templated":true}]}}